{"id":9853,"date":"2024-10-27T21:49:33","date_gmt":"2024-10-27T20:49:33","guid":{"rendered":"https:\/\/sws-forsche.de\/sws\/?p=9853"},"modified":"2026-04-12T17:48:36","modified_gmt":"2026-04-12T15:48:36","slug":"imagine-2025-aktuelles-angebot","status":"publish","type":"post","link":"https:\/\/sws-forsche.de\/sws\/imagine-2025-aktuelles-angebot\/","title":{"rendered":"IMAGINE 2026 &#8211; aktuelles Angebot &#8211;"},"content":{"rendered":"\n<div class=\"wp-block-uagb-image aligncenter uagb-block-373600fe wp-block-uagb-image--layout-overlay wp-block-uagb-image--effect-zoomin wp-block-uagb-image--align-center\"><figure class=\"wp-block-uagb-image__figure\"><a class=\"\" href=\"https:\/\/sws-forsche.de\/sws\/wp-content\/uploads\/2026\/04\/Imagine-Holzfassade_botan_-dunkel_02.jpg\" target=\"\" rel=\"noopener\"><img decoding=\"async\" srcset=\"https:\/\/sws-forsche.de\/sws\/wp-content\/uploads\/2026\/04\/Imagine-Holzfassade_botan_-dunkel_02.jpg ,https:\/\/sws-forsche.de\/sws\/wp-content\/uploads\/2026\/04\/Imagine-Holzfassade_botan_-dunkel_02.jpg 780w, https:\/\/sws-forsche.de\/sws\/wp-content\/uploads\/2026\/04\/Imagine-Holzfassade_botan_-dunkel_02.jpg 360w\" sizes=\"auto, (max-width: 480px) 150px\" src=\"https:\/\/sws-forsche.de\/sws\/wp-content\/uploads\/2026\/04\/Imagine-Holzfassade_botan_-dunkel_02.jpg\" alt=\"\" class=\"uag-image-15205\" width=\"768\" height=\"1024\" title=\"\" loading=\"lazy\" role=\"presentation\"\/><\/a><div class=\"wp-block-uagb-image--layout-overlay__color-wrapper\"><\/div><div class=\"wp-block-uagb-image--layout-overlay__inner top-center\"><a class=\"wp-block-uagb-image--layout-overlay-link \" href=\"https:\/\/sws-forsche.de\/sws\/wp-content\/uploads\/2026\/04\/Imagine-Holzfassade_botan_-dunkel_02.jpg\" target=\"\" rel=\"noopener\"><\/a><h2 class=\"uagb-image-heading\">IMAGINE &#8211; ultraleichtes <br><br>Tiny House  &#8211; Komforthotel <br><\/h2><\/div><\/figure><\/div>\n\n\n\n<p><a href=\"https:\/\/sws-forsche.de\/sws\/imagine-tiny-mobilhotel\/\" target=\"_blank\" rel=\"noreferrer noopener\"><\/a><\/p>\n\n\n\n<div class=\"wp-block-uagb-container uagb-block-37a85a56 default uagb-is-root-container\">\n<h3 class=\"wp-block-heading has-text-align-center\">IMAGINE 2026 &#8211; aktuelles Angebot &#8211;<\/h3>\n\n\n\n<div class=\"wp-block-uagb-marketing-button uagb-marketing-btn__align-center uagb-marketing-btn__align-text-center uagb-marketing-btn__icon-before uagb-block-fb6d0c26 wp-block-button\"><a href=\"#\" class=\"uagb-marketing-btn__link wp-block-button__link\" target=\"\" rel=\"noopener noreferrer\"><svg xmlns=\"https:\/\/www.w3.org\/2000\/svg\" viewBox=\"0 0 640 512\"><path d=\"M384 480C384 491.7 387.1 502.6 392.6 512H392C369.9 512 352 494.1 352 472V384C352 366.3 337.7 352 320 352H256C238.3 352 224 366.3 224 384V472C224 494.1 206.1 512 184 512H128.1C126.6 512 125.1 511.9 123.6 511.8C122.4 511.9 121.2 512 120 512H104C81.91 512 64 494.1 64 472V360C64 359.1 64.03 358.1 64.09 357.2V287.6H32.05C14.02 287.6 0 273.5 0 255.5C0 246.5 3.004 238.5 10.01 231.5L266.4 8.016C273.4 1.002 281.4 0 288.4 0C295.4 0 303.4 2.004 309.5 7.014L490.7 166.3C447.2 181.7 416 223.2 416 272V296.6C396.9 307.6 384 328.3 384 352L384 480zM528 192C572.2 192 608 227.8 608 272V320C625.7 320 640 334.3 640 352V480C640 497.7 625.7 512 608 512H448C430.3 512 416 497.7 416 480V352C416 334.3 430.3 320 448 320V272C448 227.8 483.8 192 528 192zM528 240C510.3 240 496 254.3 496 272V320H560V272C560 254.3 545.7 240 528 240z\"><\/path><\/svg><h4 class=\"uagb-marketing-btn__title\">Der Einstiegspreis liegt bei 35.000\u202f\u20ac inkl.mwst<\/h4><p class=\"uagb-marketing-btn__prefix\">                                       <\/p><\/a><\/div>\n\n\n\n<h5 class=\"wp-block-heading has-text-align-center has-ast-global-color-5-color has-text-color has-link-color has-large-font-size wp-elements-83a5471800ebc841a1ed61014996191d\"><mark style=\"background-color:rgba(0, 0, 0, 0)\" class=\"has-inline-color has-ast-global-color-5-color\"><strong> Vollst\u00e4ndig ausgebaut &amp; energieeffizient<\/strong><\/mark> <strong>ausgestattet<\/strong><\/h5>\n\n\n\n<p class=\"has-text-align-center has-text-color has-link-color wp-elements-9b60745b1ddf94435683b54d59798d80\" style=\"color:#0c3067;font-size:25px\"><mark style=\"background-color:rgba(0, 0, 0, 0);color:#0f418d\" class=\"has-inline-color\"><strong><em>Und das Beste: Der Preis passt sich Ihrem Budget, Ihrem Stil und Ihren pers\u00f6nlichen W\u00fcnschen an<\/em><\/strong><\/mark><\/p>\n\n\n\n<div class=\"wp-block-uagb-separator uagb-block-d7bbac0e wp-block-uagb-separator--text\"><div class=\"wp-block-uagb-separator__inner\" style=\"--my-background-image:url(&quot;data:image\/svg+xml,%3Csvg width='16' height='16' viewBox='0 0 16 16' fill='none' xmlns='http:\/\/www.w3.org\/2000\/svg'%3E%3Cpath d='M6.29312 16.9999L17 6.29302M14.2931 16.9999L17 14.293M-0.707031 15.9999L16.0002 -0.707153M8.00017 -0.707153L-0.706882 7.9999' stroke='black'\/%3E%3C\/svg%3E&quot;)\"><div class=\"wp-block-uagb-separator-element\"><h3 class=\"uagb-html-tag\">Ausstattungsdetails<\/h3><\/div><\/div><\/div>\n\n\n\n<details class=\"wp-block-details has-ast-global-color-4-color has-text-color has-link-color wp-elements-3179ac745505244f42f9b2b6cf643570 is-layout-flow wp-block-details-is-layout-flow\" style=\"border-width:3px;font-size:25px\"><summary><strong>Ausf\u00fchrung:<\/strong> Hochwertige Metall\u2011Holz\u2011Rahmenkonstruktion ohne W\u00e4rmebr\u00fccken, langlebige Dachbahn und robuste, profilierte Metallfassade<\/summary>\n<p style=\"font-size:25px\"><strong>Zus\u00e4tzliche Kosten im \u00dcberblick (optional auf Anfrage erh\u00e4ltlich<\/strong>)<strong>:<\/strong><\/p>\n\n\n\n<ul class=\"wp-block-list\">\n<li style=\"font-size:22px\"><strong>Optionale Ausstattung:<\/strong> individuelle Upgrades wie Fassade, M\u00f6blierung, Klima\u2011\/Heizungstechnik, zus\u00e4tzliches Fenster<\/li>\n\n\n\n<li style=\"font-size:22px\"><strong>Anh\u00e4nger \/ Trailer:<\/strong> Stra\u00dfentrailer oder Parkplatzanh\u00e4nger (mit -\/ohne R\u00e4dern) <\/li>\n\n\n\n<li style=\"font-size:22px\">Transport: ca. 2,50\u202f\u2013\u202f3,50\u202f\u20ac\/km (abh\u00e4ngig von Entfernung, Streckenf\u00fchrung sowie der politischen und wirtschaftlichen Lage am \u00d6lmarkt)<\/li>\n\n\n\n<li style=\"font-size:22px\"><strong>Lieferbedingungen:<\/strong> gem\u00e4\u00df Incoterm <strong>DAP (Delivered at Place)<\/strong> \u2013 \u201eFree Carrier\u201c<\/li>\n<\/ul>\n<\/details>\n\n\n\n<details class=\"wp-block-details has-ast-global-color-6-color has-text-color has-link-color wp-elements-f431100a6a244615cf57530791429335 is-layout-flow wp-block-details-is-layout-flow\" style=\"border-width:3px;font-size:25px\"><summary> <strong>Im Grundpreis sind folgenden Spezifikationen inbegriffen<\/strong> <\/summary>\n<div class=\"wp-block-uagb-advanced-heading uagb-block-0a6f43b6\"><h4 class=\"uagb-heading-text\"><strong>Konstruktion &amp; D\u00e4mmung<\/strong><\/h4><\/div>\n\n\n\n<h4 class=\"wp-block-heading has-ast-global-color-5-color has-text-color has-link-color wp-elements-8da738f397e0bd6413bf9184e14df941\" style=\"font-size:25px\"><strong>Rahmen &amp; Fassade<\/strong><\/h4>\n\n\n\n<ul class=\"wp-block-list\">\n<li>Tragstruktur: 80 mm PIR-Paneele + Metallrahmen + Metallbodenbalken<\/li>\n\n\n\n<li>Flachdach mit PVC-Membran<\/li>\n\n\n\n<li>Holzfassade, zweifach beschichtet (Tikkurila PINJASOL TVT 5088)<\/li>\n<\/ul>\n\n\n\n<h4 class=\"wp-block-heading\" style=\"font-size:25px\"><strong><mark style=\"background-color:rgba(0, 0, 0, 0);color:#ffffff\" class=\"has-inline-color\">T\u00fcren &amp; Fenster<\/mark><\/strong><\/h4>\n\n\n\n<ul class=\"wp-block-list\">\n<li>Dreifachverglaste PVC-Fenster, Low-E, RAL 7016, inkl. Moskitonetze<\/li>\n\n\n\n<li>Dreifachverglaste energieeffiziente Eingangst\u00fcr<\/li>\n\n\n\n<li>Milchglasfolie f\u00fcr Badfenster<\/li>\n\n\n\n<li>MDF-Schiebet\u00fcr mit Sperrholzdekor<\/li>\n<\/ul>\n\n\n\n<h4 class=\"wp-block-heading\" style=\"font-size:25px\"><strong><mark style=\"background-color:rgba(0, 0, 0, 0);color:#ffffff\" class=\"has-inline-color\">Innenausstattung<\/mark><\/strong><\/h4>\n\n\n\n<ul class=\"wp-block-list\">\n<li> Laminatboden Kronopol Aurum Fiori Aqua Zero 3274<\/li>\n\n\n\n<li>Wandverkleidung: 6 mm Dekorsperrholz<\/li>\n\n\n\n<li>Spanndecke wei\u00df matt mit Schattenfugen-LED<\/li>\n\n\n\n<li>Doppelbett mit Stauraum<\/li>\n\n\n\n<li>Loft-Matratze (222\u00d7126\u00d710 cm), grau<\/li>\n\n\n\n<li>Loft-Kieferleiter + schwarzer Stahlhandlauf<\/li>\n\n\n\n<li>Projektorregal (30\u00d730 cm)<\/li>\n<\/ul>\n\n\n\n<h4 class=\"wp-block-heading\" style=\"font-size:25px\"><strong><mark style=\"background-color:rgba(0, 0, 0, 0);color:#ffffff\" class=\"has-inline-color\">Badezimmer<\/mark><\/strong><\/h4>\n\n\n\n<ul class=\"wp-block-list\">\n<li>Wasser-\/Abwasserinstallation in PEX<\/li>\n\n\n\n<li>Terrazzo im Duschbereich + Dekorsperrholz<\/li>\n\n\n\n<li>Naturholzdecke, zweifach beschichtet<\/li>\n\n\n\n<li>Hansgrohe Duschset (Chrom)<\/li>\n\n\n\n<li>Hansgrohe Vernis Blend Waschtischarmatur<\/li>\n\n\n\n<li>Waschbecken aus Naturflussstein<\/li>\n\n\n\n<li>Unterschrank<\/li>\n\n\n\n<li>Breiter Spiegel<\/li>\n\n\n\n<li>Keramikplatte<\/li>\n\n\n\n<li>Toilette KOLLER POOL Round Rimless RN-0665 (Soft-Close)<\/li>\n\n\n\n<li>Badl\u00fcfter<\/li>\n\n\n\n<li>Duschwanne aus Verbundmaterial<\/li>\n\n\n\n<li>Duschvorhang mit Stange<\/li>\n<\/ul>\n\n\n\n<h4 class=\"wp-block-heading has-ast-global-color-5-color has-text-color has-link-color wp-elements-c005c77efb04c8eccdbb1535c7a96937\" style=\"font-size:25px\">Elektrische Installation<\/h4>\n\n\n\n<ul class=\"wp-block-list\">\n<li>Nicht brennbare Kupferkabel in Wellrohren<\/li>\n\n\n\n<li>Schneider Electric Sicherungskasten + Schutzschalter<\/li>\n\n\n\n<li>Schneider Asfora Steckdosen &amp; Schalter (anthrazit)<\/li>\n\n\n\n<li>Elektrische Fu\u00dfbodenheizung + schwarzer Thermostat<\/li>\n\n\n\n<li>Keramikheizpanel Emby CH-300<\/li>\n\n\n\n<li>LED-Fassadenbeleuchtung<\/li>\n\n\n\n<li>Deckenleuchten Feron HL353 GX53 4000K (3 Stk.)<\/li>\n\n\n\n<li>Bettleuchten IKEA SKURUP (3 Stk.)<\/li>\n<\/ul>\n\n\n\n<ul class=\"wp-block-list\">\n<li><strong>Elektrokomponenten<\/strong>:<br>\u2013 Verteilerkasten von Schneider Electric<br>\u2013 Automatische Schutzschalter: von Schneider Electric<br>\u2013 Steckdosen und Schalter in Anthrazit                                                                &#8211; Externe CEE\u2011Steckdose f\u00fcr Au\u00dfenanschl\u00fcsse oder Baustrom <\/li>\n<\/ul>\n\n\n\n<h4 class=\"wp-block-heading has-ast-global-color-5-color has-text-color has-link-color wp-elements-40ab6307a73c70b35a86ae525b0f617a\" style=\"font-size:25px\">beleuchtung<\/h4>\n\n\n\n<ul class=\"wp-block-list\">\n<li><strong>Decke<\/strong>: Wei\u00dfe, matte Dehnungsdecke \u2013 glatt, elegant, pflegeleicht. Eingebaute LED-Wand-\/Deckenleuchten von Eurolamp<\/li>\n<\/ul>\n\n\n\n<h4 class=\"wp-block-heading has-ast-global-color-5-color has-text-color has-link-color wp-elements-4f394d6cd9dd9e14e42a2c0f959efd98\" style=\"font-size:25px\">Klimasteuerung: <\/h4>\n\n\n\n<ul class=\"wp-block-list\">\n<li>Energieeffizientes L\u00fcftungssystem (Prana\u2011W\u00e4rmer\u00fcckgewinnungseinheit) <\/li>\n\n\n\n<li><strong>Leistungsstarker Bad\u2011Abluftventilator<\/strong> zur optimalen Entfeuchtung und Luftqualit\u00e4t<\/li>\n<\/ul>\n\n\n\n<h4 class=\"wp-block-heading has-ast-global-color-5-color has-text-color has-link-color wp-elements-324f1990cb7680a0f4f6d87e8b26ee75\" style=\"font-size:25px\">Wasser und Abwasser:<\/h4>\n\n\n\n<ul class=\"wp-block-list\">\n<li><strong>Wasserleitungen aus PVC oder PEX<\/strong> inklusive passender Fittings<\/li>\n\n\n\n<li>Externer Kaltwasseranschluss mit Grobfilter und Druckregler<\/li>\n\n\n\n<li>Abwasserleitungen aus PVC f\u00fcr langlebige, korrosionsfreie Entw\u00e4sserung<\/li>\n<\/ul>\n<\/details>\n\n\n\n<details class=\"wp-block-details has-ast-global-color-4-color has-text-color has-link-color wp-elements-145a0b88e8f6da63e08afa4b9f3ecc39 is-layout-flow wp-block-details-is-layout-flow\" style=\"border-width:3px;font-size:25px;font-style:normal;font-weight:600\"><summary>Nicht im Preis enthalten \/<em>Optionale Ausstattung nach Anfrage gegen Aufpreis <\/em>\/<\/summary>\n<ul class=\"wp-block-list\">\n<li>1 Naturholz Thermo-Kiefer-Fassade <\/li>\n\n\n\n<li>2 Moderne Alu-Fassade <\/li>\n\n\n\n<li>3 Klimaanlage mit dem Au\u00dfenger\u00e4t\/Inverter\/W\u00e4rmepumpe<\/li>\n\n\n\n<li>4 Vorbereitung A\/C (Kabelkanal) <\/li>\n\n\n\n<li>5 Au\u00dfenschutzk\u00e4fig f\u00fcr Inverter \/ W\u00e4rmepumpe A\/C <\/li>\n\n\n\n<li>6 Ventoxx Harmony AeroMax Smart <\/li>\n\n\n\n<li>7 Haartrockner Profi Care PC-HT 3044 <\/li>\n\n\n\n<li>8 Boiler Arti WHH Slim Dry 50 L \/ 60 L \/ 80 L<\/li>\n\n\n\n<li>9 Garderobe Trento (3 Haken) <\/li>\n\n\n\n<li>10 K\u00fcche komplett (3 Module + Schrank) <\/li>\n\n\n\n<li>11 Einbauk\u00fchlschrank Whirlpool ARG 590 <\/li>\n\n\n\n<li>11 Stra\u00dfenanh\u00e4nger \/ Parkplatzanh\u00e4nger <\/li>\n<\/ul>\n<\/details>\n\n\n\n<details class=\"wp-block-details has-ast-global-color-5-color has-text-color has-link-color wp-elements-a98126767d2e70e5be885f776a807e64 is-layout-flow wp-block-details-is-layout-flow\" style=\"border-width:3px;font-size:25px;font-style:normal;font-weight:600\"><summary>Zahlungsbedingungen<\/summary>\n<ul style=\"font-size:22px\" class=\"wp-block-list\">\n<li>Vertragsunterzeichnung \u2013 20 %<\/li>\n\n\n\n<li>Produktionsstart \u2013 30 %<\/li>\n\n\n\n<li>Nach Fertigstellung der Rahmen \u2013 30 %<\/li>\n\n\n\n<li>Vor Verladung \u2013 15 %<\/li>\n\n\n\n<li>Garantiezahlung nach 2 Wochen \u2013 5 %<\/li>\n<\/ul>\n<\/details>\n\n\n\n<details class=\"wp-block-details has-ast-global-color-5-color has-text-color has-link-color wp-elements-b6fc335471bd399ddeec77b20d31b4d4 is-layout-flow wp-block-details-is-layout-flow\" style=\"border-width:3px;font-size:25px;font-style:normal;font-weight:600\"><summary>Produktionszeit \/ Lieferzeit \/ Aufstellung<\/summary>\n<p style=\"font-size:22px\">Produktionszeit: ca. 3-4 Monate<br>Lieferzeit: ca. 2-5 Tage<br>Aufstellung: binnen 1 Tages<\/p>\n<\/details>\n\n\n\n<details class=\"wp-block-details has-text-color has-link-color wp-elements-653c9ebb36d52966d8c2d67690ca0e97\" style=\"border-width:3px;color:#052d6a;font-size:25px\"><summary><strong><mark style=\"background-color:rgba(0, 0, 0, 0)\" class=\"has-inline-color has-ast-global-color-5-color\">Optionale Perspektive f\u00fcr autarkes Leben mit dem IMAGINE<\/mark><\/strong><mark style=\"background-color:rgba(0, 0, 0, 0)\" class=\"has-inline-color has-ast-global-color-6-color is-layout-flow wp-container-core-details-is-layout-22223934 wp-block-details-is-layout-flow\"> <\/mark>&gt; Unsere Vision ist eine modulare, umfassende Ausstattung, die autarkes Wohnen komfortabel, zuverl\u00e4ssig und alltagstauglich macht<\/summary>\n<p class=\"has-medium-font-size\"><em>(Hausanschluss erfolgt ausschlie\u00dflich vor Ort durch lokale Spezialisten)<\/em><\/p>\n\n\n\n<p style=\"font-size:21px\">Auch unser mobiles Komforthotel IMAGINE er\u00f6ffnet neue M\u00f6glichkeiten f\u00fcr ein unabh\u00e4ngiges Leben au\u00dferhalb klassischer Versorgungsnetze. Da nicht \u00fcberall Wasser-, Abwasser- oder Stromanschl\u00fcsse vorhanden sind, ist das IMAGINE gezielt f\u00fcr die Nachr\u00fcstung autarker Systeme vor Ort vorbereitet<\/p>\n\n\n\n<p style=\"font-size:22px\"><strong><mark style=\"background-color:rgba(0, 0, 0, 0);color:#ffffff\" class=\"has-inline-color\">Geplante und m\u00f6gliche L\u00f6sungen f\u00fcr autarkes Wohnen im IMAGINE:<\/mark><\/strong><br>&#8211; <strong>Stromversorgung:<\/strong> Solaranlage mit Batteriespeicher, z.\u202fB. Powerstationen <br>&#8211; <strong>Wasserversorgung:<\/strong> Integrierte Frischwassertanks mit Druckpumpe<br>&#8211; <strong>Abwasserentsorgung:<\/strong> Geschlossener Abwassertank mit mobilen Entleerungssystemen<br>&#8211; <strong>Heizung &amp; Warmwasser:<\/strong> Kompakte Combi-Heizung, unterst\u00fctzt durch Solarstrom<br>&#8211; <strong>Klassische L\u00f6sung f\u00fcr die WC-Sp\u00fclung<\/strong>: in einen Tank bzw. eine Grube, die bei Bedarf entleert wird<br>&#8211; <strong>Notstromversorgung:<\/strong> Kompaktes Notstromaggregat f\u00fcr Ausfallsicherheit<br>&#8211; <strong>K\u00fchlung:<\/strong> Energieeffizienter 12-V-K\u00fchlschrank<br><mark style=\"background-color:var(--ast-global-color-4);color:#cf2e2e\" class=\"has-inline-color\">Diese Ausstattung macht das mobile Komforthotel zu einer zukunftsf\u00e4higen Wohn- und Erholungsl\u00f6sung \u2013 unabh\u00e4ngig, flexibel und anpassbar an verschiedenste Lebensstile. Ob auf dem Land, im Naturcamp oder als R\u00fcckzugsort fernab des Alltags \u2013 IMAGINE bietet Komfort und Freiheit in jeder Umgebung<\/mark><\/p>\n<\/details>\n\n\n\n<details class=\"wp-block-details has-border-color has-ast-global-color-6-border-color has-ast-global-color-5-color has-text-color has-link-color wp-elements-1659b204bac231a514561b43df43d8fe is-layout-flow wp-block-details-is-layout-flow\" style=\"border-width:3px;font-size:25px;font-style:normal;font-weight:600\"><summary>Autarke Stromversorgung durch Sonnenenergie<\/summary>\n<p class=\"has-medium-font-size\">&gt; Hochleistungs-Solarmodule mit einem Wirkungsgrad von 20\u201322 % liefern nachhaltige Energie. Diese sind gekoppelt an Lithium-Ionen-Batteriespeicher mit Kapazit\u00e4ten von 1\u20135 kWh, die eine stabile Stromversorgung gew\u00e4hrleisten. Intelligente Energiemanagementsysteme optimieren Lade- und Entladezyklen und maximieren die Autarkie<\/p>\n\n\n\n<p class=\"has-text-align-center has-border-color has-ast-global-color-6-border-color has-medium-font-size\" style=\"border-width:3px\"><strong>Die empfohlene L\u00f6sung f\u00fcr die autarke Energieversorgung des IMAGINE ist eine speziell entwickelte Photovoltaikanlage \u2013 konzipiert f\u00fcr flache D\u00e4cher von Tiny Houses, mobilen Wohneinheiten und Reisefahrzeugen.<\/strong><br>Die Module zeichnen sich durch ein geringes Gewicht, hohe Energieeffizienz und kompakte Bauweise aus, ideal f\u00fcr begrenzte Dachfl\u00e4chen und mobile Eins\u00e4tze<\/p>\n\n\n\n<p><strong>Technische Merkmale (Beispielkonfiguration):<\/strong><\/p>\n\n\n\n<ul class=\"wp-block-list\">\n<li class=\"has-medium-font-size\"><strong>Modultyp:<\/strong> Monokristallin, halb-zelliger Aufbau (HC-Design)<\/li>\n\n\n\n<li class=\"has-medium-font-size\"><strong>Leistung pro Modul:<\/strong> 200\u2013400 Wp<\/li>\n\n\n\n<li class=\"has-medium-font-size\"><strong>Gesamtleistung (System):<\/strong> 800\u20131.600 Wp, je nach Dachfl\u00e4che und Ausrichtung<\/li>\n\n\n\n<li class=\"has-medium-font-size\"><strong>Wirkungsgrad:<\/strong> 20\u201322 %<\/li>\n\n\n\n<li class=\"has-medium-font-size\"><strong>Montage:<\/strong> Flach aufliegend oder mit leichter Neigung; aerodynamische Halterungen ohne Dachdurchdringung<\/li>\n\n\n\n<li class=\"has-medium-font-size\"><strong>Batteriespeicher:<\/strong> Lithium-Eisenphosphat (LiFePO4), z.\u202fB. Powerstationen von <em>Bluetti<\/em> oder <em>EcoFlow<\/em><br>\u2013 Kapazit\u00e4t: 2\u20135 kWh<br>\u2013 Max. Entladetiefe: bis zu 90 %<br>\u2013 Lebensdauer: ca. 4.000 Ladezyklen<\/li>\n\n\n\n<li class=\"has-medium-font-size\"><strong>Wechselrichter (optional):<\/strong> Reiner Sinus-Wechselrichter f\u00fcr 230\u202fV-Verbraucher<\/li>\n\n\n\n<li class=\"has-medium-font-size\"><strong>Erweiterbar:<\/strong> Modular aufr\u00fcstbar je nach Energiebedarf und Nutzungsszenario<\/li>\n<\/ul>\n\n\n\n<p><strong>Vorteile:<\/strong><\/p>\n\n\n\n<ul class=\"wp-block-list\">\n<li class=\"has-medium-font-size\">Ideal kombinierbar mit Energiemanagementsystemen und Smart-Home-L\u00f6sungen<\/li>\n\n\n\n<li class=\"has-medium-font-size\">Ger\u00e4uschlos, emissionsfrei, wartungsarm<\/li>\n\n\n\n<li class=\"has-medium-font-size\"> Hohe Unabh\u00e4ngigkeit von externer Stromversorgung<\/li>\n<\/ul>\n\n\n\n<p class=\"has-medium-font-size\">Die Anlage wird fest auf dem Dach montiert und wandelt Sonnenlicht effizient in elektrische Energie um. Der erzeugte Strom wird in <strong>robusten Gel-Batterien<\/strong> gespeichert und steht dort f\u00fcr alle <strong>12-Volt-Verbraucher<\/strong> zur Verf\u00fcgung \u2013 z.\u202fB. f\u00fcr die komplette Innenbeleuchtung sowie diverse Kleinger\u00e4te<\/p>\n\n\n\n<p class=\"has-medium-font-size\">Zur intelligenten Energieverteilung dient ein sogenannter <strong>EBL (Elektroblock)<\/strong> \u2013 das zentrale Steuer- und \u00dcberwachungsmodul:<br>\u2013 es regelt die Stromzufuhr,<br>\u2013 sch\u00fctzt vor \u00dcberlastung,<br>\u2013 und \u00fcberwacht zuverl\u00e4ssig den Ladezustand der Batterien<\/p>\n\n\n\n<p class=\"has-medium-font-size\">Zus\u00e4tzlich lassen sich moderne <strong>Powerstations<\/strong> nachr\u00fcsten. Diese kompakten All-in-One-Ger\u00e4te vereinen Batterie, Wechselrichter und Solarladeregler \u2013 ideal, um Sonnenenergie effizient in nutzbaren Strom (auch 230\u202fV) umzuwandeln, z.\u202fB. f\u00fcr Haushaltsger\u00e4te, Ladeger\u00e4te oder mobile Arbeitspl\u00e4tze<\/p>\n\n\n\n<p class=\"has-text-align-center\" style=\"font-size:22px\"><mark style=\"background-color:rgba(0, 0, 0, 0);color:#fcb900\" class=\"has-inline-color\">Die Solaranlage macht das <strong>IMAGINE<\/strong> vollst\u00e4ndig energieautark \u2013 leise, sauber und unabh\u00e4ngig vom Stromnetz<\/mark><\/p>\n\n\n\n<hr class=\"wp-block-separator has-alpha-channel-opacity\"\/>\n\n\n\n<p class=\"has-large-font-size\">\u2705 Empfehlung f\u00fcr das IMAGINE\u2011Konzept<\/p>\n\n\n\n<figure class=\"wp-block-table has-medium-font-size\"><table class=\"has-fixed-layout\"><thead><tr><th>Komponente<\/th><th>Empfohlene Hersteller\/Modelle<\/th><\/tr><\/thead><tbody><tr><td><strong>Solarmodule<\/strong><\/td><td><a href=\"https:\/\/www.recgroup.com\/de\" target=\"_blank\" rel=\"noreferrer noopener\">REC Group Alpha\u2011Serie<\/a>, <a href=\"https:\/\/www.solarwatt.de\/strom\/solarstromerzeugung\/module\" target=\"_blank\" rel=\"noreferrer noopener\">SolarWatt Glas\u2011Glas Module<\/a>, <a href=\"https:\/\/www.luxor.solar\/de\/\" target=\"_blank\" rel=\"noreferrer noopener\">Luxor Halbzellen<\/a>, <a href=\"https:\/\/www.ae-solar.com\/de\" target=\"_blank\" rel=\"noreferrer noopener\">AE Solar Smart\u2011Module,<\/a> <a href=\"https:\/\/de.bluettipower.eu\/\" target=\"_blank\" rel=\"noreferrer noopener\">Bluettipower<\/a><\/td><\/tr><tr><td><strong>Batteriespeicher<\/strong><\/td><td><a href=\"https:\/\/de.ecoflow.com\/collections\/river-series-portable-power-stations\" target=\"_blank\" rel=\"noreferrer noopener\">EcoFlow<\/a> RIVER\u202f2\u202fMAX oder Delta\u202f2 (gr\u00f6\u00dfe und Leistung nach Bedarf), <a href=\"https:\/\/de.bluettipower.eu\/\" target=\"_blank\" rel=\"noreferrer noopener\">Bluettipower<\/a><\/td><\/tr><\/tbody><\/table><\/figure>\n\n\n\n<p class=\"has-large-font-size\">Powerspeicher &amp; mobile Powerstations<\/p>\n\n\n\n<p class=\"has-medium-font-size\">Bew\u00e4hrt f\u00fcr autarke Anwendungen sind:<\/p>\n\n\n\n<p class=\"has-medium-font-size\"><strong>EcoFlow RIVER 2 MAX \/ Delta 2<\/strong><br>Hohe Kapazit\u00e4t (512\u202fWh bis mehrere kWh), Schnellladung, gute K\u00fchlung und zuverl\u00e4ssiger Kundenservice. Besonders beliebt zur Nutzung mit solaren Modulen<\/p>\n\n\n\n<p class=\"has-medium-font-size\"><strong>Bluetti Powerstations<\/strong><br>Modelle wie Bluetti AC70 (768\u202fWh) unterst\u00fctzen Solarladung mit bis zu 500\u202fW und sind beliebt bei Outdoor und Tiny\u2011House Nutzern. Allerdings berichten Nutzerwarnungen zu Probleme bei der Zuverl\u00e4ssigkeit und Kundendienst<\/p>\n\n\n\n<p class=\"has-medium-font-size\"><strong>EcoFlow RIVER 2 MAX \/ Delta 2<\/strong><br>Hohe Kapazit\u00e4t (512\u202fWh bis mehrere kWh), Schnellladung, gute K\u00fchlung und zuverl\u00e4ssiger Kundenservice. Besonders beliebt zur Nutzung mit solaren Modulen<\/p>\n\n\n\n<h2 class=\"wp-block-heading has-large-font-size\">Solarmodule (Mobilger\u00e4te \/ Tiny House geeignet)<\/h2>\n\n\n\n<ul class=\"wp-block-list\">\n<li class=\"has-medium-font-size\"><strong>REC Group (Norwegen)<\/strong><br>Hochleistungs-Alpha-Serien mit Wirkungsgraden \u00fcber 21\u202f% \u2013 ideal bei geringer Dachfl\u00e4che durch kompakte Leistung und Langlebigkeit<\/li>\n\n\n\n<li class=\"has-medium-font-size\"><strong>SolarWatt (Deutschland, Dresden)<\/strong><br>Glas\u2011Glas-Module mit besonders hoher Witterungsresistenz, 30\u2011Jahre-Garantie und modular kombinierbar mit eigenen Speicherl\u00f6sungen<\/li>\n\n\n\n<li class=\"has-medium-font-size\"><strong>Luxor Solar (Deutschland, Stuttgart)<\/strong><br>Halbzellen-Module mit gutem Preis-Leistungs-Verh\u00e4ltnis und hoher Robustheit \u2013 f\u00fcr mobile Anwendungen geeignet<\/li>\n\n\n\n<li class=\"has-medium-font-size\"><strong>AE Solar (Deutschland, Bayern)<\/strong><br>Smart Hot-Spot Free Technologie, hohe Schattenresistenz und deutschlandweit gefertigte Module<\/li>\n<\/ul>\n<\/details>\n\n\n\n<details class=\"wp-block-details has-border-color has-ast-global-color-6-border-color has-ast-global-color-5-color has-text-color has-link-color wp-elements-021b669b0954d1726532cbcb346222d0 is-layout-flow wp-block-details-is-layout-flow\" style=\"border-width:3px;font-size:25px;font-style:normal;font-weight:600\"><summary>Autarke Heizsysteme durch Luft-Luft-W\u00e4rmepumpensystem <\/summary>\n<p class=\"has-text-align-center\"><mark style=\"background-color:rgba(0, 0, 0, 0);color:#fcb900\" class=\"has-inline-color\">Eine besonders effiziente M\u00f6glichkeit zur autarken Beheizung des <strong>IMAGINE<\/strong> bietet ein modernes Luft-Luft-W\u00e4rmepumpensystem<\/mark><\/p>\n\n\n\n<ul class=\"wp-block-list\">\n<li>Dabei wird eine kompakte Klimaanlage (Conditioner) an der Innenwand des Tiny Houses installiert. Diese ist mit einer Au\u00dfeneinheit verbunden, die der Umgebungsluft selbst bei k\u00fchlen Temperaturen W\u00e4rme entzieht und sie ins Innere leitet<\/li>\n\n\n\n<li style=\"font-size:22px\">Das System funktioniert nach dem Prinzip der <strong>W\u00e4rmer\u00fcckgewinnung<\/strong>: Es verbraucht nur wenig Strom und erzeugt dabei ein Vielfaches an Heizleistung. So l\u00e4sst sich das IMAGINE energieeffizient und umweltschonend beheizen \u2013 ganz ohne klassische Heizk\u00f6rper oder fossile Brennstoffe<\/li>\n<\/ul>\n\n\n\n<p style=\"font-size:22px\"><strong><mark style=\"background-color:rgba(0, 0, 0, 0);color:#fcb900\" class=\"has-inline-color\">Vorteile des Systems:<\/mark><\/strong><\/p>\n\n\n\n<ul style=\"font-size:22px\" class=\"wp-block-list\">\n<li class=\"has-small-font-size\"><strong>Heizen und K\u00fchlen in einem Ger\u00e4t<\/strong> \u2013 ideal f\u00fcr ganzj\u00e4hrigen Einsatz<\/li>\n\n\n\n<li class=\"has-small-font-size\"><strong>Geringer Stromverbrauch<\/strong>, besonders bei moderaten Au\u00dfentemperaturen<\/li>\n\n\n\n<li class=\"has-small-font-size\"><strong>Schnelle Reaktion<\/strong> auf Temperaturver\u00e4nderungen im Innenraum<\/li>\n\n\n\n<li class=\"has-small-font-size\"><strong>Kompakte Bauweise<\/strong> mit einfacher Nachr\u00fcstungsm\u00f6glichkeit<\/li>\n\n\n\n<li class=\"has-small-font-size\"><strong>Leiser Betrieb<\/strong> und wartungsarm<\/li>\n<\/ul>\n\n\n\n<p class=\"has-text-align-center\" style=\"font-size:22px\"><mark style=\"background-color:rgba(0, 0, 0, 0);color:#fcb900\" class=\"has-inline-color\">Dieses System eignet sich besonders gut f\u00fcr Regionen mit <strong>mildem Klima<\/strong>, \u00dcbergangszeiten oder als zus\u00e4tzliche W\u00e4rmequelle in Kombination mit anderen Heizsystemen \u2013 f\u00fcr maximalen Wohnkomfort, unabh\u00e4ngig vom Strom- oder Gasnetz<\/mark><\/p>\n<\/details>\n\n\n\n<details class=\"wp-block-details has-border-color has-ast-global-color-6-border-color has-ast-global-color-5-color has-text-color has-link-color wp-elements-387672f2c000088d53f6338e5ace2cec is-layout-flow wp-block-details-is-layout-flow\" style=\"border-width:3px;font-size:25px;font-style:normal;font-weight:600\"><summary>Autarke Wasserversorgung <\/summary>\n<p class=\"has-ast-global-color-5-color has-text-color has-link-color wp-elements-af2ed56ac1a048410a989cf1d0e1b0c9\" style=\"font-size:22px\"><mark style=\"background-color:rgba(0, 0, 0, 0);color:#fcb900\" class=\"has-inline-color\">Optional kann das \u201eImagine\u201c nach der Lieferung vor Ort mit speziellen Frisch- und Abwassertanks ausgestattet werden.<\/mark> Diese Tanks lassen sich dezent im Tiny House integrieren \u2013 z.\u202fB. unter dem Boden oder in Einbauschr\u00e4nken \u2013 und erm\u00f6glichen eine flexible Wasserversorgung ganz ohne festen Anschluss<\/p>\n\n\n\n<p class=\"has-ast-global-color-5-color has-text-color has-link-color wp-elements-ea8d74f8ea3aae437213d742c62a6455\" style=\"font-size:22px\"><strong><mark style=\"background-color:rgba(0, 0, 0, 0);color:#fcb900\" class=\"has-inline-color\">Frischwasserzufuhr ist auf zwei Arten m\u00f6glich:<\/mark><\/strong><br>\u2013 \u00fcber einen Gartenschlauch, der an den au\u00dfen verbauten Stadtwasseranschluss angeschlossen wird,<br>\u2013 oder \u00fcber einen praktischen Bef\u00fcllstutzen, der es erlaubt, Wasser auch per Gie\u00dfkanne einzuf\u00fcllen \u2013 ideal f\u00fcr Standorte ohne festen Wasseranschluss<\/p>\n\n\n\n<p class=\"has-ast-global-color-5-color has-text-color has-link-color wp-elements-2358ee5e01b1bfece457223d98fa7da8\" style=\"font-size:22px\"><mark style=\"background-color:rgba(0, 0, 0, 0);color:#fcb900\" class=\"has-inline-color\">F\u00fcr die <strong>Wasserverteilung im Haus<\/strong> kommen druckfeste Schl\u00e4uche zum Einsatz.<\/mark> Das Wasser wird mithilfe einer leistungsstarken 12-Volt-Wasserpumpe gef\u00f6rdert, die von einer <strong>wartungsarmen Gel-Batterie<\/strong> mit Energie versorgt wird. Gel-Batterien sind besonders robust, auslaufsicher, temperaturbest\u00e4ndig und eignen sich hervorragend f\u00fcr den mobilen Einsatz \u2013 ideal f\u00fcr autarkes Wohnen. Sie liefern konstant Strom f\u00fcr Pumpe, Licht und andere 12-V-Verbraucher, selbst bei wechselnden Wetterbedingungen<\/p>\n\n\n\n<p style=\"font-size:22px\"><mark style=\"background-color:rgba(0, 0, 0, 0);color:#fcb900\" class=\"has-inline-color\">Die <strong>Combi-Heizung<\/strong> \u00fcbernimmt sowohl die Warmwasserbereitung als auch die Raumheizung<\/mark>. Dabei handelt es sich um ein kompaktes Heizsystem, das in der Regel mit Gas betrieben wird. Innerhalb weniger Minuten kann damit Wasser auf angenehme Temperaturen erhitzt werden.<br>Der integrierte <strong>Warmwasserspeicher fasst ca. 10 Liter<\/strong> \u2013 ausreichend f\u00fcr eine komfortable Dusche. Dank effizienter Steuerung l\u00e4sst sich die Heizung energiesparend betreiben, sowohl im Dauerbetrieb als auch bei Bedarf<\/p>\n\n\n\n<p class=\"has-text-align-center has-luminous-vivid-amber-color has-text-color has-link-color wp-elements-5f6cfe9d4b9913ebd5451aa46e85d208\" style=\"font-size:25px\">So bleibt das \u201eImagine\u201c auch abseits jeder Infrastruktur vollst\u00e4ndig funktionsf\u00e4hig \u2013 mit allem Komfort, den man sich w\u00fcnscht!<\/p>\n<\/details>\n\n\n\n<details class=\"wp-block-details has-border-color has-ast-global-color-6-border-color has-ast-global-color-5-color has-text-color has-link-color wp-elements-8c19e3f3f4ce6a968b458fe281b0efa7 is-layout-flow wp-block-details-is-layout-flow\" style=\"border-width:3px;font-size:25px;font-style:normal;font-weight:600\"><summary>Autarke Abwasserl\u00f6sung <\/summary>\n<p class=\"has-luminous-vivid-amber-color has-text-color has-link-color wp-elements-ff0358d819a3227bbb30d56fee462573\" style=\"font-size:22px\">Das \u201eImagine\u201c kann mit einem integrierten <strong>Abwassertank<\/strong> ausgestattet werden, der flexibel nutzbar ist \u2013 je nach Standort und Gegebenheiten:<\/p>\n\n\n\n<ul class=\"wp-block-list\">\n<li class=\"has-medium-font-size\"><strong>Direkter Anschluss m\u00f6glich:<\/strong> Wenn vor Ort ein Abwasseranschluss vorhanden ist, kann der Tank ge\u00f6ffnet und das Abwasser direkt abgeleitet werden<\/li>\n\n\n\n<li class=\"has-medium-font-size\"><strong>Mobiler Betrieb:<\/strong> Ist kein fester Anschluss verf\u00fcgbar, bleibt der Tank geschlossen und kann bis zu <strong>ca. 75 Liter<\/strong> Grauwasser (z.\u202fB. aus Dusche oder Sp\u00fcle) auffangen<\/li>\n<\/ul>\n\n\n\n<p class=\"has-text-align-left\" style=\"font-size:22px\"><mark style=\"background-color:rgba(0, 0, 0, 0);color:#fcb900\" class=\"has-inline-color\">Zum Entleeren des geschlossenen Tanks empfehlen wir die Nutzung eines sogenannten <strong>Abwasserrollis<\/strong>:<\/mark><br>Ein mobiler Transportbeh\u00e4lter auf Rollen mit einem Fassungsverm\u00f6gen von ca. <strong>25 Litern<\/strong>, der das einfache und hygienische Umf\u00fcllen des Abwassers erm\u00f6glicht. So kann das Wasser bequem zur n\u00e4chstgelegenen Entsorgungsstation gebracht und dort fachgerecht entsorgt werden \u2013 ganz ohne fest installierte Infrastruktur<\/p>\n\n\n\n<p class=\"has-text-align-center has-luminous-vivid-amber-color has-text-color has-link-color wp-elements-83bfde62904b3f18b12d074ff121a51c\" style=\"font-size:25px\">Diese L\u00f6sung sorgt f\u00fcr maximale Flexibilit\u00e4t im autarken Betrieb \u2013 ob auf Campingpl\u00e4tzen, Stellfl\u00e4chen oder in abgelegenen Gegenden<\/p>\n<\/details>\n\n\n\n<details class=\"wp-block-details has-border-color has-ast-global-color-6-border-color has-ast-global-color-5-color has-text-color has-link-color wp-elements-9baee8f62c1ef5949722106f41fc8a4d is-layout-flow wp-block-details-is-layout-flow\" style=\"border-width:3px;font-size:25px;font-style:normal;font-weight:600\"><summary>Autarke Toilettenl\u00f6sungen im Badezimmer<\/summary>\n<p class=\"has-text-align-center\" style=\"font-size:22px\"><mark style=\"background-color:rgba(0, 0, 0, 0);color:#fcb900\" class=\"has-inline-color\">F\u00fcr <strong>IMAGINE<\/strong> k\u00f6nnen verschiedene <strong>autarke Toilettenvarianten<\/strong> zur Nachr\u00fcstung vorgeschlagen, die optisch und funktional einer herk\u00f6mmlichen Toilette \u00e4hneln \u2013 jedoch unabh\u00e4ngig von einer festen Kanalisation funktionieren<\/mark><\/p>\n\n\n\n<h4 class=\"wp-block-heading\" style=\"font-size:25px\"><strong>1. Komposttoilette<\/strong><\/h4>\n\n\n\n<p class=\"has-medium-font-size\">Eine besonders umweltfreundliche L\u00f6sung ist die <strong>Komposttoilette<\/strong>. Im Inneren befindet sich ein herausnehmbarer Eimer mit Deckel. Zum Schutz und zur einfacheren Entsorgung wird ein <strong>kompostierbarer Beutel<\/strong> eingelegt. Nach dem Toilettengang wird eine Schicht aus <strong>Rindenmulch oder S\u00e4gesp\u00e4nen<\/strong> hinzugegeben, die Feuchtigkeit bindet und Ger\u00fcche effektiv verhindert. Der volle Beutel kann anschlie\u00dfend auf einem <strong>Komposthaufen entsorgt<\/strong> werden, wo der Inhalt auf nat\u00fcrliche Weise zersetzt und wieder dem \u00f6kologischen Kreislauf zugef\u00fchrt wird<\/p>\n\n\n\n<h4 class=\"wp-block-heading\" style=\"font-size:25px\"><strong>2. Chemietoilette<\/strong><\/h4>\n\n\n\n<p class=\"has-medium-font-size\">Eine weitere M\u00f6glichkeit ist der Einbau einer <strong>Chemietoilette<\/strong>, wie man sie aus Wohnmobilen kennt.<br>Sie verf\u00fcgt \u00fcber eine Sp\u00fclung und einen mobilen <strong>F\u00e4kalientank (Auffangschlitten)<\/strong>, der mit einem speziellen <strong>Zersetzungsmittel<\/strong> bef\u00fcllt wird. Dieses beginnt direkt mit dem Abbau der F\u00e4kalien. Der Tank kann bequem von au\u00dfen entnommen und auf Campingpl\u00e4tzen oder Entsorgungsstationen <strong>fachgerecht entleert<\/strong> werden<\/p>\n\n\n\n<h4 class=\"wp-block-heading\" style=\"font-size:25px\"><strong>3. Klassisches WC mit externer Entsorgung<\/strong><\/h4>\n\n\n\n<p class=\"has-medium-font-size\">Auch eine <strong>herk\u00f6mmliche Toilette mit Wassersp\u00fclung<\/strong> \u2013 bereits in der Grundkonstruktion des IMAGINE vorgesehen. Das Abwasser wird \u00fcber ein fest verlegtes <strong>Kanalisationsrohr nach au\u00dfen geleitet<\/strong>, zum Beispiel in eine <strong>Grube<\/strong> oder einen <strong>externen Abwassertank<\/strong> aus Kunststoff, der je nach Nutzung regelm\u00e4\u00dfig entleert werden muss. Diese L\u00f6sung eignet sich besonders f\u00fcr Standorte mit dauerhaftem Stellplatz<\/p>\n\n\n\n<hr class=\"wp-block-separator has-alpha-channel-opacity\"\/>\n\n\n\n<p class=\"has-text-align-center has-border-color has-ast-global-color-6-border-color has-luminous-vivid-amber-color has-text-color has-link-color wp-elements-c263fc0277bd15b84dc6167e897873c8\" style=\"border-width:3px;font-size:22px\">Je nach Lebensstil, Standort und gew\u00fcnschtem Komfortniveau kann im IMAGINE die passende Toilettenl\u00f6sung gew\u00e4hlt werden \u2013 von komplett \u00f6kologisch bis klassisch mit Sp\u00fclung<\/p>\n<\/details>\n\n\n\n<details class=\"wp-block-details has-border-color has-ast-global-color-6-border-color has-ast-global-color-5-color has-text-color has-link-color wp-elements-786af34dde0976d723ad01b0d196182a is-layout-flow wp-block-details-is-layout-flow\" style=\"border-width:3px;font-size:25px;font-style:normal;font-weight:600\"><summary>Notstromaggregat f\u00fcr das IMAGINE<\/summary>\n<p class=\"has-text-align-center\" style=\"font-size:22px\"><mark style=\"background-color:rgba(0, 0, 0, 0);color:#fcb900\" class=\"has-inline-color\">F\u00fcr zus\u00e4tzliche Sicherheit empfehlen wir ein <strong>Notstromaggregat<\/strong>, das mit <strong>Gas betrieben<\/strong> wird \u2013 ideal als Backup-L\u00f6sung f\u00fcr autarkes Wohnen<\/mark><\/p>\n\n\n\n<p class=\"has-medium-font-size\">Falls die <strong>Photovoltaikanlage<\/strong> (z.\u202fB. bei l\u00e4nger anhaltender Bew\u00f6lkung oder Defekt) keine ausreichende Stromversorgung sicherstellen kann <strong>und<\/strong> keine externe 230-V-Stromquelle verf\u00fcgbar ist, sorgt das Aggregat zuverl\u00e4ssig f\u00fcr Energie<\/p>\n\n\n\n<p class=\"has-medium-font-size\">Der <strong>Gasanschluss<\/strong> erfolgt \u00fcber eine eigens installierbare <strong>Gasentnahmestelle<\/strong> an der Au\u00dfenwand des Tiny Houses. Diese ist direkt mit der internen Gasleitung verbunden und erm\u00f6glicht so den einfachen und sicheren Betrieb des Generators<\/p>\n\n\n\n<p><strong><mark style=\"background-color:rgba(0, 0, 0, 0);color:#fcb900\" class=\"has-inline-color\">Merkmale des empfohlenen Notstromaggregats:<\/mark><\/strong><\/p>\n\n\n\n<ul style=\"font-size:22px\" class=\"wp-block-list\">\n<li><strong>Kompakt, leicht und tragbar<\/strong><\/li>\n\n\n\n<li>F\u00fcr den <strong>ausschlie\u00dflichen Einsatz im Au\u00dfenbereich<\/strong> vorgesehen<\/li>\n\n\n\n<li>Anschluss an die <strong>Gasversorgung des IMAGINE<\/strong><\/li>\n\n\n\n<li><strong>Leise im Betrieb<\/strong>, ideal f\u00fcr Wohnumgebungen<\/li>\n\n\n\n<li>Unterliegt der regul\u00e4ren <strong>Gaspr\u00fcfung im 2-Jahres-Rhythmus<\/strong> (wie bei allen gasbetriebenen Anlagen)<\/li>\n<\/ul>\n\n\n\n<p class=\"has-text-align-center has-luminous-vivid-amber-color has-text-color has-link-color wp-elements-5a16bd9b886f10955700172e1ff5d35f\"><mark style=\"background-color:rgba(0, 0, 0, 0);color:#fcb900\" class=\"has-inline-color\">Dieses System bietet eine zuverl\u00e4ssige <strong>Notstromversorgung<\/strong>, ohne auf Diesel oder Benzin angewiesen zu sein \u2013 sauber, effizient und passend zum nachhaltigen Konzept des IMAGINE<\/mark><\/p>\n<\/details>\n<\/div>\n\n\n\n<div class=\"wp-block-uagb-container uagb-block-fc03a7c6 default uagb-is-root-container\">\n<div class=\"wp-block-uagb-info-box uagb-block-cdada24c uagb-infobox__content-wrap  uagb-infobox-icon-above-title uagb-infobox-image-valign-top\"><div class=\"uagb-ifb-content\"><div class=\"uagb-ifb-image-content\"><img decoding=\"async\" src=\"https:\/\/sws-forsche.de\/sws\/wp-content\/uploads\/2026\/04\/Screenshot-2026-04-03-172020-2-600x420.png\" alt=\"\" width=\"\" height=\"0\" loading=\"lazy\"\/><\/div><div class=\"uagb-ifb-title-wrap\"><h3 class=\"uagb-ifb-title-prefix\"><mark style=\"background-color:rgba(0, 0, 0, 0)\" class=\"has-inline-color has-ast-global-color-4-color\"><strong> <\/strong><strong>Mobil. Leicht. Luxuri\u00f6s.<\/strong><\/mark><\/h3><h1 class=\"uagb-ifb-title\"><mark style=\"background-color:rgba(0, 0, 0, 0);color:#03275d\" class=\"has-inline-color\">Imagine &#8211; Mobiles Tiny Hotel auf R\u00e4dern<\/mark><\/h1><\/div><div class=\"uagb-ifb-desc\">\n<p class=\"has-ast-global-color-4-color has-text-color has-link-color wp-elements-d65c6b2f50b7edf1117aa8ab6b5c55da\" style=\"font-size:25px\">Ein Ort vollkommener Entspannung und nat\u00fcrlicher Harmonie, umh\u00fcllt von einer eleganten Fassade mit Panoramafenster und fein abgestimmten architektonischen Details<\/p>\n<\/div><\/div><\/div>\n<\/div>\n\n\n\n<div class=\"wp-block-uagb-container uagb-block-ce407752 default uagb-is-root-container\">\n<div class=\"wp-block-uagb-container uagb-block-94aecc88\">\n<ul class=\"wp-block-list\">\n<li><strong>Gesamtfl\u00e4che<\/strong><\/li>\n\n\n\n<li>\ud83d\udcd0 18m\u00b2<\/li>\n\n\n\n<li><strong>D\u00e4mmung<\/strong><\/li>\n\n\n\n<li>\ud83e\uddf1 150\u2013200\u202fmm<\/li>\n\n\n\n<li><strong>Innenausbau<\/strong><\/li>\n\n\n\n<li>\ud83d\udee0\ufe0f Inklusive<\/li>\n\n\n\n<li><strong>Badezimmer<\/strong><\/li>\n\n\n\n<li>\ud83d\udebf Voll ausgestattet<\/li>\n\n\n\n<li><strong>Lieferung<\/strong><\/li>\n\n\n\n<li>\ud83d\ude9a Innerhalb Europas<\/li>\n<\/ul>\n<\/div>\n\n\n\n<div class=\"wp-block-uagb-container uagb-block-4aa9e999\">\n<ul class=\"wp-block-list\">\n<li><strong>Gr\u00f6\u00dfe<\/strong><\/li>\n\n\n\n<li>\ud83d\udccf 2,5\u202f\u00d7\u202f6\u202fm<\/li>\n\n\n\n<li><strong>Wohnfl\u00e4che<\/strong><\/li>\n\n\n\n<li>\ud83d\udcd0 15\u202fm\u00b2<\/li>\n\n\n\n<li><strong>Raumh\u00f6he<\/strong><\/li>\n\n\n\n<li>\ud83d\udcf6 3\u202fm<\/li>\n\n\n\n<li><strong>Schlafbereiche<\/strong><\/li>\n\n\n\n<li>\ud83d\udecf\ufe0f 1 Schlafzimmer + 1 Schlafboden (Loft)<\/li>\n\n\n\n<li>\ud83d\udc65 F\u00fcr 2\u20134 Personen geeignet<\/li>\n\n\n\n<li><strong>Schl\u00fcsselfertig<\/strong><\/li>\n\n\n\n<li>\ud83d\udd11 Optional<\/li>\n<\/ul>\n<\/div>\n<\/div>\n\n\n\n<div class=\"wp-block-uagb-container uagb-block-72d38be7 default uagb-is-root-container\">\n<div class=\"wp-block-uagb-container uagb-block-f3356c67\">\n<div class=\"wp-block-uagb-info-box uagb-block-2270616b uagb-infobox__content-wrap  uagb-infobox-icon-above-title uagb-infobox-image-valign-top\"><div class=\"uagb-ifb-content\"><div class=\"uagb-ifb-image-content\"><img decoding=\"async\" src=\"https:\/\/sws-forsche.de\/sws\/wp-content\/uploads\/2024\/10\/Bild_2025-05-05_200838650.png\" alt=\"\" width=\"56\" height=\"50\" loading=\"lazy\"\/><\/div><div class=\"uagb-ifb-title-wrap\"><h4 class=\"uagb-ifb-title\">Premium-Qualit\u00e4t<\/h4><\/div><div class=\"uagb-ifb-desc\">\n<p>Gebaut mit Sorgfalt \u2013 gesch\u00fctzt vor Wind und Wetter, fern von Baustellenchaos. Ein Zuhause, das Vertrauen schafft<\/p>\n<\/div><\/div><\/div>\n<\/div>\n\n\n\n<div class=\"wp-block-uagb-container uagb-block-6ee3d3fb\">\n<div class=\"wp-block-uagb-info-box uagb-block-484974fd uagb-infobox__content-wrap  uagb-infobox-icon-above-title uagb-infobox-image-valign-top\"><div class=\"uagb-ifb-content\"><div class=\"uagb-ifb-image-content\"><img decoding=\"async\" src=\"https:\/\/sws-forsche.de\/sws\/wp-content\/uploads\/2024\/10\/Bild_2025-05-05_195750730.png\" alt=\"\" width=\"52\" height=\"42\" loading=\"lazy\"\/><\/div><div class=\"uagb-ifb-title-wrap\"><h5 class=\"uagb-ifb-title\">3 Monate Produktionszeit<\/h5><\/div><div class=\"uagb-ifb-desc\">\n<p>Dank vorgefertigter Bauteile und durch parallele Arbeiten in der Werkstatt verk\u00fcrzt sich die Bauzeit erheblich. So entsteht ein neues Zuhause ohne Hektik, aber mit h\u00f6chster Pr\u00e4zision<\/p>\n<\/div><\/div><\/div>\n<\/div>\n\n\n\n<div class=\"wp-block-uagb-info-box uagb-block-c2091bd0 uagb-infobox__content-wrap  uagb-infobox-icon-above-title uagb-infobox-image-valign-top\"><div class=\"uagb-ifb-content\"><div class=\"uagb-ifb-image-content\"><img decoding=\"async\" src=\"https:\/\/sws-forsche.de\/sws\/wp-content\/uploads\/2024\/10\/pngtree-warranty-seal-icon-png-image_6058257-300x300.jpg\" alt=\"\" width=\"39\" height=\"39\" loading=\"lazy\"\/><\/div><div class=\"uagb-ifb-title-wrap\"><h5 class=\"uagb-ifb-title\">Festpreis<br>Garantie<\/h5><\/div><div class=\"uagb-ifb-desc\">\n<p>Der Preis wird bei Bestellung verbindlich festgelegt und bleibt garantiert unver\u00e4ndert \u2013 ganz ohne versteckte Kosten oder nachtr\u00e4gliche Aufschl\u00e4ge<\/p>\n<\/div><\/div><\/div>\n\n\n\n<div class=\"wp-block-uagb-container uagb-block-da10967c\">\n<div class=\"wp-block-uagb-info-box uagb-block-da397699 uagb-infobox__content-wrap  uagb-infobox-icon-above-title uagb-infobox-image-valign-top\"><div class=\"uagb-ifb-content\"><div class=\"uagb-ifb-image-content\"><img decoding=\"async\" src=\"https:\/\/sws-forsche.de\/sws\/wp-content\/uploads\/2024\/10\/Bild_2025-05-05_201045192.png\" alt=\"\" width=\"48\" height=\"45\" loading=\"lazy\"\/><\/div><div class=\"uagb-ifb-title-wrap\"><h4 class=\"uagb-ifb-title\">Schl\u00fcsselfertig<\/h4><\/div><div class=\"uagb-ifb-desc\">\n<p>Komplettpaket inklusive aller schl\u00fcsselfertigen Optionen nach  Kinderwunsch ist m\u00f6glich. Ziehen Sie direkt ein und f\u00fchlen Sie sich zuhause<\/p>\n<\/div><\/div><\/div>\n<\/div>\n<\/div>\n\n\n\n<div class=\"wp-block-uagb-container uagb-block-fc0da784 default uagb-is-root-container\">\n<div class=\"wp-block-uagb-info-box uagb-block-c07250bd uagb-infobox__content-wrap  uagb-infobox-icon-above-title uagb-infobox-image-valign-top\"><div class=\"uagb-ifb-content\"><div class=\"uagb-ifb-image-content\"><img decoding=\"async\" src=\"https:\/\/sws-forsche.de\/sws\/wp-content\/uploads\/2025\/05\/photo_2023-07-31_14-56-08-600x485.jpg\" alt=\"\" width=\"\" height=\"0\" loading=\"lazy\"\/><\/div><div class=\"uagb-ifb-title-wrap\"><h5 class=\"uagb-ifb-title-prefix\"><mark style=\"background-color:rgba(0, 0, 0, 0);color:#ffffff\" class=\"has-inline-color\"><strong>Etwas Neues. Etwas Anderes. <\/strong><\/mark><\/h5><h3 class=\"uagb-ifb-title\"><mark style=\"background-color:rgba(0, 0, 0, 0);color:#0e408d\" class=\"has-inline-color\"><strong>Mehr Individualit\u00e4t, mehr Komfort, mehr \u00c4sthetik und Harmonie<\/strong><\/mark><\/h3><\/div><div class=\"uagb-ifb-desc\">\n<p class=\"has-medium-font-size\" style=\"border-style:none;border-width:0px\">Die reflektierende Aluminiumfassade f\u00fcgt sich harmonisch in die Umgebung ein und schafft ein einzigartiges Zusammenspiel von Architektur und Natur. Mit einer Gesamtfl\u00e4che von nur 18\u202fm\u00b2 \u2013 davon 15\u202fm\u00b2 Wohnraum \u2013 ist dieses Tiny Hotel leicht zu transportieren und perfekt f\u00fcr flexibles Wohnen. Gro\u00dfz\u00fcgige Panoramafenster und eine reduzierte, hochwertige Innenausstattung sorgen f\u00fcr ein Gef\u00fchl von Weite, Freiheit und Leichtigkeit. Bereits drei Monate nach Bestellung ist Ihr mobiles Zuhause bezugsbereit \u2013 f\u00fcr ein Wohngef\u00fchl, das Abenteuer und Entspannung stilvoll vereint<\/p>\n<\/div><\/div><\/div>\n\n\n\n<div class=\"wp-block-uagb-container uagb-block-6e49b5bd\">\n<div class=\"wp-block-uagb-info-box uagb-block-c2827941 uagb-infobox__content-wrap  uagb-infobox-icon-below-title uagb-infobox-image-valign-top wp-block-uagb-info-box--has-margin\"><div class=\"uagb-infobox-margin-wrapper\"><div class=\"uagb-ifb-content\"><div class=\"uagb-ifb-title-wrap\"><h6 class=\"uagb-ifb-title-prefix\"><mark style=\"background-color:rgba(0, 0, 0, 0);color:#0b387c\" class=\"has-inline-color\">Nutzen Sie Ihre besonderen Augenblicke als Quelle der Inspiration<\/mark><\/h6><h2 class=\"uagb-ifb-title\"><mark style=\"background-color:rgba(0, 0, 0, 0);color:#ffffff\" class=\"has-inline-color\">Gefangene Momente<\/mark><\/h2><\/div><div class=\"uagb-ifb-image-content\"><img decoding=\"async\" src=\"https:\/\/sws-forsche.de\/sws\/wp-content\/uploads\/2025\/05\/Bild_01-1-300x300.jpg\" alt=\"\" width=\"\" height=\"0\" loading=\"lazy\"\/><\/div><div class=\"uagb-ifb-desc\">\n<p> Gestalten Sie daraus etwas Einzigartiges. Zeigen Sie Ihre Individualit\u00e4t und teilen Sie sie mit der Welt von morgen<br><\/p>\n<\/div><div class=\"uagb-ifb-button-wrapper wp-block-button\"><a href=\"https:\/\/sws-forsche.de\/sws\/imagine-mobiles-komforthotel-angebot-de\/\" class=\"uagb-infobox-cta-link wp-block-button__link\" target=\"_blank\" rel=\"noopener noreferrer\" onclick=\"return true;\"><span class=\"uagb-inline-editing\">Zu Fotogalerie<\/span><svg xmlns=\"https:\/\/www.w3.org\/2000\/svg\" viewBox=\"0 0 512 512\"><path d=\"M504.3 273.6l-112.1 104c-6.992 6.484-17.18 8.218-25.94 4.406c-8.758-3.812-14.42-12.45-14.42-21.1L351.9 288H32C14.33 288 .0002 273.7 .0002 255.1S14.33 224 32 224h319.9l0-72c0-9.547 5.66-18.19 14.42-22c8.754-3.809 18.95-2.075 25.94 4.41l112.1 104C514.6 247.9 514.6 264.1 504.3 273.6z\"><\/path><\/svg><\/a><\/div><\/div><\/div><\/div>\n<\/div>\n<\/div>\n\n\n\n<div class=\"wp-block-uagb-container uagb-block-875a1ca5 default uagb-is-root-container\">\n<div class=\"wp-block-uagb-container uagb-block-72555a54\">\n<div class=\"wp-block-uagb-image aligncenter uagb-block-60f28d55 wp-block-uagb-image--layout-default wp-block-uagb-image--effect-zoomin wp-block-uagb-image--align-center\"><figure class=\"wp-block-uagb-image__figure\"><a class=\"\" href=\"https:\/\/sws-forsche.de\/sws\/wp-content\/uploads\/2024\/10\/photo_2023-07-31_14-56-28-1.jpg\" target=\"\" rel=\"noopener\"><img loading=\"lazy\" decoding=\"async\" srcset=\"https:\/\/sws-forsche.de\/sws\/wp-content\/uploads\/2024\/10\/photo_2023-07-31_14-56-28-1-768x1024.jpg ,https:\/\/sws-forsche.de\/sws\/wp-content\/uploads\/2024\/10\/photo_2023-07-31_14-56-28-1.jpg 780w, https:\/\/sws-forsche.de\/sws\/wp-content\/uploads\/2024\/10\/photo_2023-07-31_14-56-28-1.jpg 360w\" sizes=\"auto, (max-width: 480px) 150px\" src=\"https:\/\/sws-forsche.de\/sws\/wp-content\/uploads\/2024\/10\/photo_2023-07-31_14-56-28-1-768x1024.jpg\" alt=\"\" class=\"uag-image-9952\" width=\"400\" height=\"600\" title=\"photo_2023-07-31_14-56-28\" role=\"img\"\/><\/a><\/figure><\/div>\n<\/div>\n\n\n\n<div class=\"wp-block-uagb-container uagb-block-f83f4730\">\n<div class=\"wp-block-uagb-image aligncenter uagb-block-27bc844a wp-block-uagb-image--layout-default wp-block-uagb-image--effect-zoomin wp-block-uagb-image--align-center\"><figure class=\"wp-block-uagb-image__figure\"><a class=\"\" href=\"https:\/\/sws-forsche.de\/sws\/wp-content\/uploads\/2024\/10\/IMG_2178-1-scaled.jpg\" target=\"\" rel=\"noopener\"><img loading=\"lazy\" decoding=\"async\" srcset=\"https:\/\/sws-forsche.de\/sws\/wp-content\/uploads\/2024\/10\/IMG_2178-1-768x1024.jpg ,https:\/\/sws-forsche.de\/sws\/wp-content\/uploads\/2024\/10\/IMG_2178-1-scaled.jpg 780w, https:\/\/sws-forsche.de\/sws\/wp-content\/uploads\/2024\/10\/IMG_2178-1-scaled.jpg 360w\" sizes=\"auto, (max-width: 480px) 150px\" src=\"https:\/\/sws-forsche.de\/sws\/wp-content\/uploads\/2024\/10\/IMG_2178-1-768x1024.jpg\" alt=\"\" class=\"uag-image-9949\" width=\"380\" height=\"253\" title=\"IMG_2178\" role=\"img\"\/><\/a><\/figure><\/div>\n\n\n\n<div class=\"wp-block-uagb-image aligncenter uagb-block-0f284de2 wp-block-uagb-image--layout-default wp-block-uagb-image--effect-zoomin wp-block-uagb-image--align-center\"><figure class=\"wp-block-uagb-image__figure\"><a class=\"\" href=\"https:\/\/sws-forsche.de\/sws\/wp-content\/uploads\/2024\/10\/IMG_2220-3-scaled.jpg\" target=\"\" rel=\"noopener\"><img loading=\"lazy\" decoding=\"async\" srcset=\"https:\/\/sws-forsche.de\/sws\/wp-content\/uploads\/2024\/10\/IMG_2220-3-1024x768.jpg ,https:\/\/sws-forsche.de\/sws\/wp-content\/uploads\/2024\/10\/IMG_2220-3-scaled.jpg 780w, https:\/\/sws-forsche.de\/sws\/wp-content\/uploads\/2024\/10\/IMG_2220-3-scaled.jpg 360w\" sizes=\"auto, (max-width: 480px) 150px\" src=\"https:\/\/sws-forsche.de\/sws\/wp-content\/uploads\/2024\/10\/IMG_2220-3-1024x768.jpg\" alt=\"\" class=\"uag-image-9951\" width=\"380\" height=\"253\" title=\"IMG_2220\" role=\"img\"\/><\/a><\/figure><\/div>\n\n\n\n<div class=\"wp-block-uagb-image aligncenter uagb-block-eca855dd wp-block-uagb-image--layout-default wp-block-uagb-image--effect-zoomin wp-block-uagb-image--align-center\"><figure class=\"wp-block-uagb-image__figure\"><img decoding=\"async\" srcset=\"https:\/\/sws-forsche.de\/sws\/wp-content\/uploads\/2024\/10\/photo_2023-07-31_14-56-51-1-1024x678.jpg ,https:\/\/sws-forsche.de\/sws\/wp-content\/uploads\/2024\/10\/photo_2023-07-31_14-56-51-1.jpg 780w, https:\/\/sws-forsche.de\/sws\/wp-content\/uploads\/2024\/10\/photo_2023-07-31_14-56-51-1.jpg 360w\" sizes=\"auto, (max-width: 480px) 150px\" src=\"https:\/\/sws-forsche.de\/sws\/wp-content\/uploads\/2024\/10\/photo_2023-07-31_14-56-51-1-1024x678.jpg\" alt=\"\" class=\"uag-image-9956\" width=\"328\" height=\"217\" title=\"photo_2023-07-31_14-56-51\" loading=\"lazy\" role=\"img\"\/><\/figure><\/div>\n<\/div>\n\n\n\n<div class=\"wp-block-uagb-container uagb-block-b7744ab3\">\n<div class=\"wp-block-uagb-image aligncenter uagb-block-450d2dbf wp-block-uagb-image--layout-default wp-block-uagb-image--effect-zoomin wp-block-uagb-image--align-center\"><figure class=\"wp-block-uagb-image__figure\"><a class=\"\" href=\"https:\/\/sws-forsche.de\/sws\/wp-content\/uploads\/2024\/10\/IMG_2183-2-scaled.jpg\" target=\"\" rel=\"noopener\"><img loading=\"lazy\" decoding=\"async\" srcset=\"https:\/\/sws-forsche.de\/sws\/wp-content\/uploads\/2024\/10\/IMG_2183-2-1024x768.jpg ,https:\/\/sws-forsche.de\/sws\/wp-content\/uploads\/2024\/10\/IMG_2183-2-scaled.jpg 780w, https:\/\/sws-forsche.de\/sws\/wp-content\/uploads\/2024\/10\/IMG_2183-2-scaled.jpg 360w\" sizes=\"auto, (max-width: 480px) 150px\" src=\"https:\/\/sws-forsche.de\/sws\/wp-content\/uploads\/2024\/10\/IMG_2183-2-1024x768.jpg\" alt=\"\" class=\"uag-image-9950\" width=\"400\" height=\"600\" title=\"IMG_2183\" role=\"img\"\/><\/a><\/figure><\/div>\n\n\n\n<h6 class=\"wp-block-heading has-text-align-center has-medium-font-size\">Lassen Sie nicht Ihren Alltag \u00fcber Sie herrschen, bleiben Sie flexibel gegen\u00fcber den Routinen des Lebens und schaffen Sie Raum f\u00fcr spontane Momente der Entspannung und Selbstf\u00fcrsorge<\/h6>\n<\/div>\n\n\n\n<figure data-wp-context=\"{&quot;imageId&quot;:&quot;69f367e736e6b&quot;}\" data-wp-interactive=\"core\/image\" data-wp-key=\"69f367e736e6b\" class=\"wp-block-image size-large wp-lightbox-container\"><img loading=\"lazy\" decoding=\"async\" width=\"768\" height=\"1024\" data-wp-class--hide=\"state.isContentHidden\" data-wp-class--show=\"state.isContentVisible\" data-wp-init=\"callbacks.setButtonStyles\" data-wp-on--click=\"actions.showLightbox\" data-wp-on--load=\"callbacks.setButtonStyles\" data-wp-on-window--resize=\"callbacks.setButtonStyles\" src=\"https:\/\/sws-forsche.de\/sws\/wp-content\/uploads\/2024\/10\/photo_2023-07-31_14-56-23-2-768x1024.jpg\" alt=\"\" class=\"wp-image-9954\" srcset=\"https:\/\/sws-forsche.de\/sws\/wp-content\/uploads\/2024\/10\/photo_2023-07-31_14-56-23-2-768x1024.jpg 768w, https:\/\/sws-forsche.de\/sws\/wp-content\/uploads\/2024\/10\/photo_2023-07-31_14-56-23-2-450x600.jpg 450w, https:\/\/sws-forsche.de\/sws\/wp-content\/uploads\/2024\/10\/photo_2023-07-31_14-56-23-2.jpg 960w\" sizes=\"auto, (max-width: 768px) 100vw, 768px\" \/><button\n\t\t\tclass=\"lightbox-trigger\"\n\t\t\ttype=\"button\"\n\t\t\taria-haspopup=\"dialog\"\n\t\t\taria-label=\"Vergr\u00f6\u00dfern\"\n\t\t\tdata-wp-init=\"callbacks.initTriggerButton\"\n\t\t\tdata-wp-on--click=\"actions.showLightbox\"\n\t\t\tdata-wp-style--right=\"state.imageButtonRight\"\n\t\t\tdata-wp-style--top=\"state.imageButtonTop\"\n\t\t>\n\t\t\t<svg xmlns=\"http:\/\/www.w3.org\/2000\/svg\" width=\"12\" height=\"12\" fill=\"none\" viewBox=\"0 0 12 12\">\n\t\t\t\t<path fill=\"#fff\" d=\"M2 0a2 2 0 0 0-2 2v2h1.5V2a.5.5 0 0 1 .5-.5h2V0H2Zm2 10.5H2a.5.5 0 0 1-.5-.5V8H0v2a2 2 0 0 0 2 2h2v-1.5ZM8 12v-1.5h2a.5.5 0 0 0 .5-.5V8H12v2a2 2 0 0 1-2 2H8Zm2-12a2 2 0 0 1 2 2v2h-1.5V2a.5.5 0 0 0-.5-.5H8V0h2Z\" \/>\n\t\t\t<\/svg>\n\t\t<\/button><\/figure>\n<\/div>\n\n\n\n<div class=\"wp-block-uagb-container uagb-block-f44eb8b2 default uagb-is-root-container\"><div class=\"uagb-container__video-wrap\"><video autoplay loop muted playsinline><source src=\"https:\/\/sws-forsche.de\/sws\/wp-content\/uploads\/2024\/10\/IMG_2185.mov\" type=\"video\/mp4\"\/><\/video><\/div>\n<div class=\"wp-block-uagb-info-box uagb-block-5d7d3a69 uagb-infobox__content-wrap  uagb-infobox-icon-above-title uagb-infobox-image-valign-top wp-block-uagb-info-box--has-margin\"><div class=\"uagb-infobox-margin-wrapper\"><div class=\"uagb-ifb-content\"><div class=\"uagb-ifb-title-wrap\"><h2 class=\"uagb-ifb-title-prefix\">Finden Sie auch einen Ort, um Ihre Liebe widerzuspiegeln<\/h2><h3 class=\"uagb-ifb-title\">Wir helfen Ihnen gerne weiter<br><br> <\/h3><\/div><\/div><\/div><\/div>\n<\/div>\n\n\n\n<div class=\"wp-block-uagb-container uagb-block-0f6834b5 default uagb-is-root-container\"><div class=\"uagb-container__video-wrap\"><video autoplay loop muted playsinline><source src=\"https:\/\/sws-forsche.de\/sws\/wp-content\/uploads\/2024\/10\/Room-tour.mov\" type=\"video\/mp4\"\/><\/video><\/div>\n<div class=\"wp-block-uagb-advanced-heading uagb-block-eb32d911\"><h6 class=\"uagb-heading-text\"><mark style=\"background-color:rgba(0, 0, 0, 0)\" class=\"has-inline-color has-ast-global-color-5-color\">Wir erwarten Sie mit Freude und stehen Ihnen gerne zur Seite, um gemeinsam Ihre Ziele zu erreichen<\/mark><\/h6><\/div>\n\n\n\n<p class=\"has-text-align-center\"><\/p>\n\n\n\n<p class=\"has-text-align-center\"><\/p>\n\n\n\n<p><\/p>\n\n\n\n<p><\/p>\n<\/div>\n\n\n\n<p><\/p>\n\n\n\n<p><\/p>\n\n\n\n<p class=\"has-text-align-center has-ast-global-color-6-color has-text-color has-link-color wp-elements-9d040d9d65ad83d27bd3934ba5002715\"><\/p>\n\n\n\n<p class=\"has-text-align-center\"><\/p>\n\n\n\n<div class=\"wp-block-uagb-container uagb-block-7551cf3b default uagb-is-root-container\">\n<div class=\"wp-block-uagb-container uagb-block-09920d83\"><\/div>\n\n\n\n<details class=\"wp-block-details alignfull has-ast-global-color-3-color has-text-color has-link-color has-medium-font-size wp-elements-c3addaacad72d92ece0ccf6b1f55de1d\" style=\"border-width:1px;font-style:normal;font-weight:600\"><summary><strong>Besuchen Sie unseren Showroom in <a href=\"https:\/\/www.bautzen.de\/\" target=\"_blank\" rel=\"noreferrer noopener\"><mark style=\"background-color:rgba(0, 0, 0, 0);color:#ffffff\" class=\"has-inline-color is-layout-flow wp-block-details-is-layout-flow\">Bautzen<\/mark><\/a> <mark style=\"background-color:rgba(0, 0, 0, 0);color:#ffffff\" class=\"has-inline-color\"><\/mark>\u2013 der s\u00e4chsischen Stadt der Kultur und der Geschichte<\/strong>  &#8211; ist als \u00fcber 1000 Jahre alte &#8220;Stadt der T\u00fcrme&#8221; in Sachsen bekannt<\/summary>\n<p>Entdecken Sie unser innovatives Tiny House\/Hotel, das mit hochwertigen Materialien und vielf\u00e4ltigen Gestaltungsm\u00f6glichkeiten das Gef\u00fchl eines komfortablen Hotels vermittelt<\/p>\n\n\n\n<p>Vereinbaren Sie jetzt einen Besichtigungstermin und entdecken Sie Ihr eigenes komfortables Erholungshotel \u2013 vor Ort und ganz pers\u00f6nlich. Wir freuen uns auf Ihren Besuch!<\/p>\n<\/details>\n\n\n\n<div class=\"wp-block-uagb-container uagb-block-5e3e7c9d\">\n<div class=\"wp-block-uagb-container uagb-block-a16a81bd\">\n<div class=\"wp-block-uagb-advanced-heading uagb-block-cf2d1390\"><h3 class=\"uagb-heading-text\"><mark style=\"background-color:rgba(0, 0, 0, 0);color:#ffffff\" class=\"has-inline-color\">Interesse? <\/mark><\/h3><\/div>\n\n\n\n<p class=\"has-text-align-center has-ast-global-color-6-color has-text-color has-link-color has-medium-font-size wp-elements-98cba5890e589b06968a96e8c9cf22b1\">Kontaktieren Sie uns! Sie k\u00f6nnen auch einen Termin f\u00fcr ein Telefonat vereinbaren, um Ihr Anliegen in Ruhe zu besprechen<\/p>\n\n\n\n<ul class=\"wp-block-list has-border-color has-ast-global-color-8-border-color\">\n<li class=\"has-medium-font-size\" style=\"border-style:none;border-width:0px;font-style:italic;font-weight:700\"><strong>E-Mail<\/strong>: unitfab@sws-forsche.de<\/li>\n\n\n\n<li class=\"has-medium-font-size\" style=\"border-style:none;border-width:0px;font-style:italic;font-weight:700\"><strong>E-Mail: info@sws-forsche.de<\/strong><\/li>\n\n\n\n<li class=\"has-medium-font-size\" style=\"border-style:none;border-width:0px;font-style:italic;font-weight:700\"><strong>Telefon<\/strong>: +49 30 863 241 39 <\/li>\n\n\n\n<li class=\"has-medium-font-size\" style=\"border-style:none;border-width:0px;font-style:italic;font-weight:700\">WhatsApp: +49 176 64883333<\/li>\n<\/ul>\n<\/div>\n<\/div>\n\n\n\n<div class=\"wp-block-uagb-inline-notice uagb-inline_notice__align-center uagb-block-fa2e32e9\"><button class=\"uagb-notice-close-button\" type=\"button\" aria-label=\"Close\"><\/button><h5 class=\"uagb-notice-title\"><mark style=\"background-color:rgba(0, 0, 0, 0);color:#000000\" class=\"has-inline-color\">SWS Forsche OHG ist ein offizieller exklusiver Vertragspartner von Baufirma UNITFAB<\/mark><\/h5><div class=\"uagb-notice-text\">\n<p class=\"has-ast-global-color-6-color has-text-color has-link-color has-medium-font-size wp-elements-36e2bb6859dea0665487466db45a6892\" style=\"border-width:3px;font-style:normal;font-weight:700\">H\u00e4user der neuen Generation &#8211; <a href=\"https:\/\/sws-forsche.de\/sws\/index.php\/unitfab-the-next-generation-property\/\" data-type=\"page\" data-id=\"10970\">UNITFAB<\/a> &#8211; The next generation property<\/p>\n<\/div><\/div>\n<\/div>\n\n\n\n<p><\/p>\n","protected":false},"excerpt":{"rendered":"<p>Dieses stilvolle, kompakte Mobilheim vereint h\u00f6chsten Komfort mit einem modernen Design, das an ein 5-Sterne-Klima-Hotel erinnert. Die reflektierende Fassade integriert das Haus harmonisch in die Natur und sorgt f\u00fcr ein einzigartiges Ambiente. Mit einer Gesamtfl\u00e4che von nur 18 m\u00b2 ist dieses mobile Zuhause leicht zu transportieren und bietet 15 m\u00b2 Wohnfl\u00e4che. Dank der minimalistischen, modernen Ausstattung und der gro\u00dfz\u00fcgigen Panoramafenster genie\u00dfen Sie ein Gef\u00fchl von Freiheit und Lebensqualit\u00e4t. Bereits drei Monate nach Bestellung steht Ihr bewegliches Hotel bereit, um Ihr Wohngef\u00fchl mit einem Hauch von Abenteuer und Entspannung zu bereichern<\/p>\n","protected":false},"author":3,"featured_media":12919,"comment_status":"closed","ping_status":"","sticky":true,"template":"","format":"standard","meta":{"_uag_custom_page_level_css":"","site-sidebar-layout":"no-sidebar","site-content-layout":"","ast-site-content-layout":"normal-width-container","site-content-style":"boxed","site-sidebar-style":"boxed","ast-global-header-display":"","ast-banner-title-visibility":"disabled","ast-main-header-display":"","ast-hfb-above-header-display":"","ast-hfb-below-header-display":"","ast-hfb-mobile-header-display":"","site-post-title":"","ast-breadcrumbs-content":"","ast-featured-img":"","footer-sml-layout":"","theme-transparent-header-meta":"","adv-header-id-meta":"","stick-header-meta":"","header-above-stick-meta":"","header-main-stick-meta":"","header-below-stick-meta":"","astra-migrate-meta-layouts":"set","ast-page-background-enabled":"default","ast-page-background-meta":{"desktop":{"background-color":"var(--ast-global-color-4)","background-image":"","background-repeat":"repeat","background-position":"center center","background-size":"auto","background-attachment":"scroll","background-type":"","background-media":"","overlay-type":"","overlay-color":"","overlay-opacity":"","overlay-gradient":""},"tablet":{"background-color":"","background-image":"","background-repeat":"repeat","background-position":"center center","background-size":"auto","background-attachment":"scroll","background-type":"","background-media":"","overlay-type":"","overlay-color":"","overlay-opacity":"","overlay-gradient":""},"mobile":{"background-color":"","background-image":"","background-repeat":"repeat","background-position":"center center","background-size":"auto","background-attachment":"scroll","background-type":"","background-media":"","overlay-type":"","overlay-color":"","overlay-opacity":"","overlay-gradient":""}},"ast-content-background-meta":{"desktop":{"background-color":"var(--ast-global-color-5)","background-image":"","background-repeat":"repeat","background-position":"center center","background-size":"auto","background-attachment":"scroll","background-type":"","background-media":"","overlay-type":"","overlay-color":"","overlay-opacity":"","overlay-gradient":""},"tablet":{"background-color":"var(--ast-global-color-5)","background-image":"","background-repeat":"repeat","background-position":"center center","background-size":"auto","background-attachment":"scroll","background-type":"","background-media":"","overlay-type":"","overlay-color":"","overlay-opacity":"","overlay-gradient":""},"mobile":{"background-color":"var(--ast-global-color-5)","background-image":"","background-repeat":"repeat","background-position":"center center","background-size":"auto","background-attachment":"scroll","background-type":"","background-media":"","overlay-type":"","overlay-color":"","overlay-opacity":"","overlay-gradient":""}},"ngg_post_thumbnail":0,"footnotes":""},"categories":[48,89,56],"tags":[94,95,92,93,91],"class_list":["post-9853","post","type-post","status-publish","format-standard","has-post-thumbnail","hentry","category-modulhaeuser","category-modulhaeuser-tiny-houses-prefabhaeuser","category-tiny-house-hotel-auf-raedern","tag-mobile-haeuser","tag-mobile-komforthotels","tag-modulhaeuser","tag-prefabhaeuser","tag-tiny-houses"],"uagb_featured_image_src":{"full":["https:\/\/sws-forsche.de\/sws\/wp-content\/uploads\/2023\/05\/IMG-20250507-WA0041.jpg",960,1280,false],"thumbnail":["https:\/\/sws-forsche.de\/sws\/wp-content\/uploads\/2023\/05\/IMG-20250507-WA0041.jpg",225,300,false],"medium":["https:\/\/sws-forsche.de\/sws\/wp-content\/uploads\/2023\/05\/IMG-20250507-WA0041.jpg",450,600,false],"medium_large":["https:\/\/sws-forsche.de\/sws\/wp-content\/uploads\/2023\/05\/IMG-20250507-WA0041.jpg",768,1024,false],"large":["https:\/\/sws-forsche.de\/sws\/wp-content\/uploads\/2023\/05\/IMG-20250507-WA0041.jpg",768,1024,false],"1536x1536":["https:\/\/sws-forsche.de\/sws\/wp-content\/uploads\/2023\/05\/IMG-20250507-WA0041.jpg",960,1280,false],"2048x2048":["https:\/\/sws-forsche.de\/sws\/wp-content\/uploads\/2023\/05\/IMG-20250507-WA0041.jpg",960,1280,false]},"uagb_author_info":{"display_name":"SWS Forsche","author_link":"https:\/\/sws-forsche.de\/sws\/author\/sweta\/"},"uagb_comment_info":0,"uagb_excerpt":"Dieses stilvolle, kompakte Mobilheim vereint h\u00f6chsten Komfort mit einem modernen Design, das an ein 5-Sterne-Klima-Hotel erinnert. Die reflektierende Fassade integriert das Haus harmonisch in die Natur und sorgt f\u00fcr ein einzigartiges Ambiente. Mit einer Gesamtfl\u00e4che von nur 18 m\u00b2 ist dieses mobile Zuhause leicht zu transportieren und bietet 15 m\u00b2 Wohnfl\u00e4che. Dank der minimalistischen, modernen&hellip;","_links":{"self":[{"href":"https:\/\/sws-forsche.de\/sws\/wp-json\/wp\/v2\/posts\/9853","targetHints":{"allow":["GET"]}}],"collection":[{"href":"https:\/\/sws-forsche.de\/sws\/wp-json\/wp\/v2\/posts"}],"about":[{"href":"https:\/\/sws-forsche.de\/sws\/wp-json\/wp\/v2\/types\/post"}],"author":[{"embeddable":true,"href":"https:\/\/sws-forsche.de\/sws\/wp-json\/wp\/v2\/users\/3"}],"replies":[{"embeddable":true,"href":"https:\/\/sws-forsche.de\/sws\/wp-json\/wp\/v2\/comments?post=9853"}],"version-history":[{"count":265,"href":"https:\/\/sws-forsche.de\/sws\/wp-json\/wp\/v2\/posts\/9853\/revisions"}],"predecessor-version":[{"id":15375,"href":"https:\/\/sws-forsche.de\/sws\/wp-json\/wp\/v2\/posts\/9853\/revisions\/15375"}],"wp:featuredmedia":[{"embeddable":true,"href":"https:\/\/sws-forsche.de\/sws\/wp-json\/wp\/v2\/media\/12919"}],"wp:attachment":[{"href":"https:\/\/sws-forsche.de\/sws\/wp-json\/wp\/v2\/media?parent=9853"}],"wp:term":[{"taxonomy":"category","embeddable":true,"href":"https:\/\/sws-forsche.de\/sws\/wp-json\/wp\/v2\/categories?post=9853"},{"taxonomy":"post_tag","embeddable":true,"href":"https:\/\/sws-forsche.de\/sws\/wp-json\/wp\/v2\/tags?post=9853"}],"curies":[{"name":"wp","href":"https:\/\/api.w.org\/{rel}","templated":true}]}}